{"id":8840,"date":"2021-11-16T07:51:20","date_gmt":"2021-11-16T06:51:20","guid":{"rendered":"https:\/\/www.ibi-kompetenz.eu\/?p=8840"},"modified":"2021-11-16T08:02:02","modified_gmt":"2021-11-16T07:02:02","slug":"giornateedilizia21","status":"publish","type":"post","link":"https:\/\/www.ibi-kompetenz.eu\/it\/giornateedilizia21\/","title":{"rendered":"4\u00b0 EDIZIONE DELLE GIORNATE DELL&#8217;EDILIZIA INTERALPINA"},"content":{"rendered":"<div class=\"\" data-block=\"true\" data-editor=\"8pn20\" data-offset-key=\"876nq-0-0\">\n<div class=\"_1mf _1mj\" data-offset-key=\"876nq-0-0\">\n<p><strong>LA 4\u00b0 EDIZIONE DELLE &#8220;GIORNATE DELL&#8217;EDILIZIA INTERALPINA&#8221; SI CONCLUDE CON SUCCESSO: FOCUS SULLA SICUREZZA E LA RESPONSABILIT\u00c0 DELLE STRUTTURE INFRASTRUTTURALI<\/strong><\/p>\n<\/div>\n<div class=\"_1mf _1mj\" data-offset-key=\"876nq-0-0\">\n<div id=\"attachment_8789\" style=\"width: 310px\" class=\"wp-caption alignleft\"><img decoding=\"async\" aria-describedby=\"caption-attachment-8789\" class=\"wp-image-8789 size-medium\" src=\"https:\/\/www.ibi-kompetenz.eu\/wp-content\/uploads\/2021\/11\/action.php-5-300x200.jpeg\" alt=\"\" width=\"300\" height=\"200\" srcset=\"https:\/\/www.ibi-kompetenz.eu\/wp-content\/uploads\/2021\/11\/action.php-5-200x133.jpeg 200w, https:\/\/www.ibi-kompetenz.eu\/wp-content\/uploads\/2021\/11\/action.php-5-300x200.jpeg 300w, https:\/\/www.ibi-kompetenz.eu\/wp-content\/uploads\/2021\/11\/action.php-5-400x267.jpeg 400w, https:\/\/www.ibi-kompetenz.eu\/wp-content\/uploads\/2021\/11\/action.php-5-600x400.jpeg 600w, https:\/\/www.ibi-kompetenz.eu\/wp-content\/uploads\/2021\/11\/action.php-5-768x512.jpeg 768w, https:\/\/www.ibi-kompetenz.eu\/wp-content\/uploads\/2021\/11\/action.php-5-800x533.jpeg 800w, https:\/\/www.ibi-kompetenz.eu\/wp-content\/uploads\/2021\/11\/action.php-5-1024x682.jpeg 1024w, https:\/\/www.ibi-kompetenz.eu\/wp-content\/uploads\/2021\/11\/action.php-5-1200x800.jpeg 1200w, https:\/\/www.ibi-kompetenz.eu\/wp-content\/uploads\/2021\/11\/action.php-5-1536x1024.jpeg 1536w\" sizes=\"(max-width: 300px) 100vw, 300px\" \/><p id=\"caption-attachment-8789\" class=\"wp-caption-text\">Franz Fischler<\/p><\/div>\n<p><strong>La 4\u00b0 edizione delle &#8220;Giornate dell&#8217;Edilizia Interalpina&#8221; sul tema &#8221; Monitoraggio smart delle opere infrastrutturali&#8221;<\/strong>, organizzato dal centro di competenza IBI-Euregio, si \u00e8 concluso oggi con successo a Igls. Una conferenza internazionale con relatori esperti come il <strong>D<\/strong><strong>ott. Franz Fischler, Presidente dell&#8217;Istituto di Studi Avanzati IHS,<\/strong> <strong>e<\/strong> <strong>Jonathan Gammon di Geotechnical Observations di Londra. <\/strong>Dott. Fischler ha introdotto il secondo giorno con un discorso sul tema &#8220;Chi non conosce le opportunit\u00e0 e i rischi non pu\u00f2 assumersi la responsabilit\u00e0!&#8221;<\/p>\n<div id=\"attachment_8808\" style=\"width: 310px\" class=\"wp-caption alignright\"><img decoding=\"async\" aria-describedby=\"caption-attachment-8808\" class=\"wp-image-8808 size-medium\" src=\"https:\/\/www.ibi-kompetenz.eu\/wp-content\/uploads\/2021\/11\/Jonathan-Gammon-300x200.jpg\" alt=\"\" width=\"300\" height=\"200\" srcset=\"https:\/\/www.ibi-kompetenz.eu\/wp-content\/uploads\/2021\/11\/Jonathan-Gammon-200x133.jpg 200w, https:\/\/www.ibi-kompetenz.eu\/wp-content\/uploads\/2021\/11\/Jonathan-Gammon-300x200.jpg 300w, https:\/\/www.ibi-kompetenz.eu\/wp-content\/uploads\/2021\/11\/Jonathan-Gammon-400x267.jpg 400w, https:\/\/www.ibi-kompetenz.eu\/wp-content\/uploads\/2021\/11\/Jonathan-Gammon-600x400.jpg 600w, https:\/\/www.ibi-kompetenz.eu\/wp-content\/uploads\/2021\/11\/Jonathan-Gammon-768x512.jpg 768w, https:\/\/www.ibi-kompetenz.eu\/wp-content\/uploads\/2021\/11\/Jonathan-Gammon-800x533.jpg 800w, https:\/\/www.ibi-kompetenz.eu\/wp-content\/uploads\/2021\/11\/Jonathan-Gammon-1024x683.jpg 1024w, https:\/\/www.ibi-kompetenz.eu\/wp-content\/uploads\/2021\/11\/Jonathan-Gammon-1200x800.jpg 1200w, https:\/\/www.ibi-kompetenz.eu\/wp-content\/uploads\/2021\/11\/Jonathan-Gammon.jpg 1440w\" sizes=\"(max-width: 300px) 100vw, 300px\" \/><p id=\"caption-attachment-8808\" class=\"wp-caption-text\">Jonathan Gammon<\/p><\/div>\n<p><strong>Le numerose presentazioni degli esperti<\/strong> hanno mostrato quali <strong>possibilit\u00e0 e approcci<\/strong> gi\u00e0 esistino. Tutti i relatori sono stati dell&#8217;opinione che sia necessaria una comunicazione pi\u00f9 proattiva con il mondo esterno per coinvolgere la societ\u00e0 e, con una responsabilit\u00e0 condivisa, stabilire la in modo comune le strategie per un futuro sicuro e sostenibile.<\/p>\n<p>Questo punto di responsabilit\u00e0 del non fare nulla \u00e8 stato ripreso da diversi relatori nella tavola rotonda. &#8220;La necessit\u00e0 di un monitoraggio continuo degli edifici deve essere portata all&#8217;attenzione della societ\u00e0. Perch\u00e9 senza l&#8217;appoggio della popolazione, non \u00e8 possibile attuare questi importanti punti politic e sociali!&#8221; ha sottolineato Florian Riedl, membro del Parlamento Tirolese.<\/p>\n<div id=\"attachment_8796\" style=\"width: 310px\" class=\"wp-caption alignleft\"><img decoding=\"async\" aria-describedby=\"caption-attachment-8796\" class=\"wp-image-8796 size-medium\" src=\"https:\/\/www.ibi-kompetenz.eu\/wp-content\/uploads\/2021\/11\/Daniel-Alfreider-300x200.jpg\" alt=\"\" width=\"300\" height=\"200\" srcset=\"https:\/\/www.ibi-kompetenz.eu\/wp-content\/uploads\/2021\/11\/Daniel-Alfreider-200x133.jpg 200w, https:\/\/www.ibi-kompetenz.eu\/wp-content\/uploads\/2021\/11\/Daniel-Alfreider-300x200.jpg 300w, https:\/\/www.ibi-kompetenz.eu\/wp-content\/uploads\/2021\/11\/Daniel-Alfreider-400x267.jpg 400w, https:\/\/www.ibi-kompetenz.eu\/wp-content\/uploads\/2021\/11\/Daniel-Alfreider-600x400.jpg 600w, https:\/\/www.ibi-kompetenz.eu\/wp-content\/uploads\/2021\/11\/Daniel-Alfreider-768x512.jpg 768w, https:\/\/www.ibi-kompetenz.eu\/wp-content\/uploads\/2021\/11\/Daniel-Alfreider-800x533.jpg 800w, https:\/\/www.ibi-kompetenz.eu\/wp-content\/uploads\/2021\/11\/Daniel-Alfreider-1024x683.jpg 1024w, https:\/\/www.ibi-kompetenz.eu\/wp-content\/uploads\/2021\/11\/Daniel-Alfreider-1200x800.jpg 1200w, https:\/\/www.ibi-kompetenz.eu\/wp-content\/uploads\/2021\/11\/Daniel-Alfreider.jpg 1440w\" sizes=\"(max-width: 300px) 100vw, 300px\" \/><p id=\"caption-attachment-8796\" class=\"wp-caption-text\">Daniel Alfreider<\/p><\/div>\n<p>Secondo il panel, ci\u00f2 che serve soprattutto \u00e8 una cooperazione ad ampio raggio. Questo riguarda sia i settori coinvolti che la cooperazione geografica oltre le frontiere. La riforma dell&#8217;Euregio-Tirolo offre grandi opportunit\u00e0 per quanto riguarda la cooperazione nella regione alpina. &#8220;L&#8217;Euregio pu\u00f2 svolgere un ruolo importante nel garantire l&#8217;accessibilit\u00e0 dei villaggi alpini&#8221;. <strong>Daniel Alfreider<\/strong>, Vicepresidente della giunta provinciale Alto Adige, indica una possibilit\u00e0 concreta di cooperazione.<\/p>\n<p>Le condizioni delle regioni alpine richiedono soluzioni innovative, soprattutto in considerazione dell&#8217;invecchiamento delle strutture. Il know-how esiste gi\u00e0, ma l&#8217;implementazione \u00e8 sempre un atto di bilanciamento tra tecnologia, popolazione e politica con l&#8217;obiettivo finale della sostenibilit\u00e0. Pi\u00f9 a lungo una struttura rimane in piedi, pi\u00f9 \u00e8 sostenibile. Allo stesso tempo, le moderne tecnologie nel campo del monitoraggio, come il gemello digitale, offrono una pianificazione coordinata per un nuovo edificio. La sostenibilit\u00e0 deve diventare valutabile in modo che anche i decisori di oggi e di domani possano prendere decisioni ben informate. Perch\u00e9 il lavoro di questo settore non si concentra sull&#8217;oggi, non sul domani, ma crea il mondo del nostro futuro.<\/p>\n<div id=\"attachment_8802\" style=\"width: 310px\" class=\"wp-caption alignright\"><img decoding=\"async\" aria-describedby=\"caption-attachment-8802\" class=\"wp-image-8802 size-medium\" src=\"https:\/\/www.ibi-kompetenz.eu\/wp-content\/uploads\/2021\/11\/Dietmar-300x200.jpg\" alt=\"\" width=\"300\" height=\"200\" srcset=\"https:\/\/www.ibi-kompetenz.eu\/wp-content\/uploads\/2021\/11\/Dietmar-200x133.jpg 200w, https:\/\/www.ibi-kompetenz.eu\/wp-content\/uploads\/2021\/11\/Dietmar-300x200.jpg 300w, https:\/\/www.ibi-kompetenz.eu\/wp-content\/uploads\/2021\/11\/Dietmar-400x267.jpg 400w, https:\/\/www.ibi-kompetenz.eu\/wp-content\/uploads\/2021\/11\/Dietmar-600x400.jpg 600w, https:\/\/www.ibi-kompetenz.eu\/wp-content\/uploads\/2021\/11\/Dietmar-768x512.jpg 768w, https:\/\/www.ibi-kompetenz.eu\/wp-content\/uploads\/2021\/11\/Dietmar-800x533.jpg 800w, https:\/\/www.ibi-kompetenz.eu\/wp-content\/uploads\/2021\/11\/Dietmar-1024x683.jpg 1024w, https:\/\/www.ibi-kompetenz.eu\/wp-content\/uploads\/2021\/11\/Dietmar-1200x800.jpg 1200w, https:\/\/www.ibi-kompetenz.eu\/wp-content\/uploads\/2021\/11\/Dietmar.jpg 1440w\" sizes=\"(max-width: 300px) 100vw, 300px\" \/><p id=\"caption-attachment-8802\" class=\"wp-caption-text\">Dietmar Thomaseth<\/p><\/div>\n<p>Dietmar Thomaseth, presidente del centro di competenza IBI-Euregio, ha riassunto cos\u00ec: &#8220;Sono molto contento di poter concludere con successo la serie di eventi di quest&#8217;anno con le Giornate dell&#8217;Edilizia Interalpina. Allo stesso tempo, abbiamo visto che il nostro lavoro \u00e8 tutt&#8217;altro che finito. Dobbiamo passare dalla reazione all&#8217;azione per non essere sopraffatti dai cambiamenti del nostro tempo. Per questo inizieremo subito con l&#8217;organizzazione della serie di eventi del prossimo anno.<\/p>\n<p>&nbsp;<\/p>\n<\/div>\n<p><a href=\"https:\/\/www.ibi-kompetenz.eu\/wp-content\/uploads\/2021\/11\/Programma-4.-edizione-delle-giornate-delledilizia-interalpina-1.pdf\">Download Programma\u00a0<\/a><\/p>\n<div class=\"_1mf _1mj\" data-offset-key=\"876nq-0-0\">\n<p>&nbsp;<\/p>\n<\/div>\n<\/div>\n<p>&nbsp;<\/p>\n<p>&nbsp;<\/p>\n<p>&nbsp;<\/p>\n<p>&nbsp;<\/p>\n<p>&nbsp;<\/p>\n<p>&nbsp;<\/p>\n","protected":false},"excerpt":{"rendered":"<p>LA 4\u00b0 EDIZIONE DELLE &#8220;GIORNATE DELL&#8217;EDILIZIA INTERALPINA&#8221; SI CONCLUDE CON SUCCESSO: FOCUS SULLA SICUREZZA E LA RESPONSABILIT\u00c0 DELLE STRUTTURE INFRASTRUTTURALI La 4\u00b0 edizione delle &#8220;Giornate dell&#8217;Edilizia Interalpina&#8221; sul tema &#8221; Monitoraggio smart delle opere infrastrutturali&#8221;, organizzato dal centro di competenza IBI-Euregio, si \u00e8 concluso oggi con successo a Igls. Una conferenza internazionale con relatori esperti  [&#8230;]<\/p>\n","protected":false},"author":4,"featured_media":8785,"comment_status":"open","ping_status":"open","sticky":false,"template":"","format":"standard","meta":{"footnotes":""},"categories":[66],"tags":[],"class_list":["post-8840","post","type-post","status-publish","format-standard","has-post-thumbnail","hentry","category-non-categorizzato"],"yoast_head":"<!-- This site is optimized with the Yoast SEO plugin v27.4 - https:\/\/yoast.com\/product\/yoast-seo-wordpress\/ -->\n<title>4\u00b0 EDIZIONE DELLE GIORNATE DELL&#039;EDILIZIA INTERALPINA - IBI Kompetenz<\/title>\n<meta name=\"robots\" content=\"index, follow, max-snippet:-1, max-image-preview:large, max-video-preview:-1\" \/>\n<link rel=\"canonical\" href=\"https:\/\/www.ibi-kompetenz.eu\/it\/giornateedilizia21\/\" \/>\n<meta property=\"og:locale\" content=\"it_IT\" \/>\n<meta property=\"og:type\" content=\"article\" \/>\n<meta property=\"og:title\" content=\"4\u00b0 EDIZIONE DELLE GIORNATE DELL&#039;EDILIZIA INTERALPINA - IBI Kompetenz\" \/>\n<meta property=\"og:description\" content=\"LA 4\u00b0 EDIZIONE DELLE &#8220;GIORNATE DELL&#8217;EDILIZIA INTERALPINA&#8221; SI CONCLUDE CON SUCCESSO: FOCUS SULLA SICUREZZA E LA RESPONSABILIT\u00c0 DELLE STRUTTURE INFRASTRUTTURALI La 4\u00b0 edizione delle &#8220;Giornate dell&#8217;Edilizia Interalpina&#8221; sul tema &#8221; Monitoraggio smart delle opere infrastrutturali&#8221;, organizzato dal centro di competenza IBI-Euregio, si \u00e8 concluso oggi con successo a Igls. Una conferenza internazionale con relatori esperti [...]\" \/>\n<meta property=\"og:url\" content=\"https:\/\/www.ibi-kompetenz.eu\/it\/giornateedilizia21\/\" \/>\n<meta property=\"og:site_name\" content=\"IBI Kompetenz\" \/>\n<meta property=\"article:published_time\" content=\"2021-11-16T06:51:20+00:00\" \/>\n<meta property=\"article:modified_time\" content=\"2021-11-16T07:02:02+00:00\" \/>\n<meta property=\"og:image\" content=\"https:\/\/www.ibi-kompetenz.eu\/wp-content\/uploads\/2021\/11\/action.php-2.jpeg\" \/>\n\t<meta property=\"og:image:width\" content=\"2000\" \/>\n\t<meta property=\"og:image:height\" content=\"1333\" \/>\n\t<meta property=\"og:image:type\" content=\"image\/jpeg\" \/>\n<meta name=\"author\" content=\"Manuel Walder\" \/>\n<meta name=\"twitter:card\" content=\"summary_large_image\" \/>\n<meta name=\"twitter:label1\" content=\"Scritto da\" \/>\n\t<meta name=\"twitter:data1\" content=\"\" \/>\n\t<meta name=\"twitter:label2\" content=\"Tempo di lettura stimato\" \/>\n\t<meta name=\"twitter:data2\" content=\"3 minuti\" \/>\n<script type=\"application\/ld+json\" class=\"yoast-schema-graph\">{\"@context\":\"https:\\\/\\\/schema.org\",\"@graph\":[{\"@type\":\"Article\",\"@id\":\"https:\\\/\\\/www.ibi-kompetenz.eu\\\/it\\\/giornateedilizia21\\\/#article\",\"isPartOf\":{\"@id\":\"https:\\\/\\\/www.ibi-kompetenz.eu\\\/it\\\/giornateedilizia21\\\/\"},\"author\":{\"name\":\"Manuel Walder\",\"@id\":\"https:\\\/\\\/www.ibi-kompetenz.eu\\\/#\\\/schema\\\/person\\\/f58f49438fc1d94c7ae85e8ed94c2cd4\"},\"headline\":\"4\u00b0 EDIZIONE DELLE GIORNATE DELL&#8217;EDILIZIA INTERALPINA\",\"datePublished\":\"2021-11-16T06:51:20+00:00\",\"dateModified\":\"2021-11-16T07:02:02+00:00\",\"mainEntityOfPage\":{\"@id\":\"https:\\\/\\\/www.ibi-kompetenz.eu\\\/it\\\/giornateedilizia21\\\/\"},\"wordCount\":512,\"commentCount\":0,\"publisher\":{\"@id\":\"https:\\\/\\\/www.ibi-kompetenz.eu\\\/#organization\"},\"image\":{\"@id\":\"https:\\\/\\\/www.ibi-kompetenz.eu\\\/it\\\/giornateedilizia21\\\/#primaryimage\"},\"thumbnailUrl\":\"https:\\\/\\\/www.ibi-kompetenz.eu\\\/wp-content\\\/uploads\\\/2021\\\/11\\\/action.php-2.jpeg\",\"articleSection\":[\"Non categorizzato\"],\"inLanguage\":\"it-IT\",\"potentialAction\":[{\"@type\":\"CommentAction\",\"name\":\"Comment\",\"target\":[\"https:\\\/\\\/www.ibi-kompetenz.eu\\\/it\\\/giornateedilizia21\\\/#respond\"]}]},{\"@type\":\"WebPage\",\"@id\":\"https:\\\/\\\/www.ibi-kompetenz.eu\\\/it\\\/giornateedilizia21\\\/\",\"url\":\"https:\\\/\\\/www.ibi-kompetenz.eu\\\/it\\\/giornateedilizia21\\\/\",\"name\":\"4\u00b0 EDIZIONE DELLE GIORNATE DELL'EDILIZIA INTERALPINA - IBI Kompetenz\",\"isPartOf\":{\"@id\":\"https:\\\/\\\/www.ibi-kompetenz.eu\\\/#website\"},\"primaryImageOfPage\":{\"@id\":\"https:\\\/\\\/www.ibi-kompetenz.eu\\\/it\\\/giornateedilizia21\\\/#primaryimage\"},\"image\":{\"@id\":\"https:\\\/\\\/www.ibi-kompetenz.eu\\\/it\\\/giornateedilizia21\\\/#primaryimage\"},\"thumbnailUrl\":\"https:\\\/\\\/www.ibi-kompetenz.eu\\\/wp-content\\\/uploads\\\/2021\\\/11\\\/action.php-2.jpeg\",\"datePublished\":\"2021-11-16T06:51:20+00:00\",\"dateModified\":\"2021-11-16T07:02:02+00:00\",\"breadcrumb\":{\"@id\":\"https:\\\/\\\/www.ibi-kompetenz.eu\\\/it\\\/giornateedilizia21\\\/#breadcrumb\"},\"inLanguage\":\"it-IT\",\"potentialAction\":[{\"@type\":\"ReadAction\",\"target\":[\"https:\\\/\\\/www.ibi-kompetenz.eu\\\/it\\\/giornateedilizia21\\\/\"]}]},{\"@type\":\"ImageObject\",\"inLanguage\":\"it-IT\",\"@id\":\"https:\\\/\\\/www.ibi-kompetenz.eu\\\/it\\\/giornateedilizia21\\\/#primaryimage\",\"url\":\"https:\\\/\\\/www.ibi-kompetenz.eu\\\/wp-content\\\/uploads\\\/2021\\\/11\\\/action.php-2.jpeg\",\"contentUrl\":\"https:\\\/\\\/www.ibi-kompetenz.eu\\\/wp-content\\\/uploads\\\/2021\\\/11\\\/action.php-2.jpeg\",\"width\":2000,\"height\":1333},{\"@type\":\"BreadcrumbList\",\"@id\":\"https:\\\/\\\/www.ibi-kompetenz.eu\\\/it\\\/giornateedilizia21\\\/#breadcrumb\",\"itemListElement\":[{\"@type\":\"ListItem\",\"position\":1,\"name\":\"Startseite\",\"item\":\"https:\\\/\\\/www.ibi-kompetenz.eu\\\/it\\\/\"},{\"@type\":\"ListItem\",\"position\":2,\"name\":\"4\u00b0 EDIZIONE DELLE GIORNATE DELL&#8217;EDILIZIA INTERALPINA\"}]},{\"@type\":\"WebSite\",\"@id\":\"https:\\\/\\\/www.ibi-kompetenz.eu\\\/#website\",\"url\":\"https:\\\/\\\/www.ibi-kompetenz.eu\\\/\",\"name\":\"IBI Kompetenz\",\"description\":\"MIGLIORA L\u2019EDILIZIA NELLE ALPI\",\"publisher\":{\"@id\":\"https:\\\/\\\/www.ibi-kompetenz.eu\\\/#organization\"},\"potentialAction\":[{\"@type\":\"SearchAction\",\"target\":{\"@type\":\"EntryPoint\",\"urlTemplate\":\"https:\\\/\\\/www.ibi-kompetenz.eu\\\/?s={search_term_string}\"},\"query-input\":{\"@type\":\"PropertyValueSpecification\",\"valueRequired\":true,\"valueName\":\"search_term_string\"}}],\"inLanguage\":\"it-IT\"},{\"@type\":\"Organization\",\"@id\":\"https:\\\/\\\/www.ibi-kompetenz.eu\\\/#organization\",\"name\":\"IBI ist ein interdisziplin\u00e4res Kompetenzzentrum\",\"url\":\"https:\\\/\\\/www.ibi-kompetenz.eu\\\/\",\"logo\":{\"@type\":\"ImageObject\",\"inLanguage\":\"it-IT\",\"@id\":\"https:\\\/\\\/www.ibi-kompetenz.eu\\\/#\\\/schema\\\/logo\\\/image\\\/\",\"url\":\"https:\\\/\\\/www.ibi-kompetenz.eu\\\/wp-content\\\/uploads\\\/2015\\\/02\\\/IBI-kompetenz-Logo-quer-weiss-2016.jpg\",\"contentUrl\":\"https:\\\/\\\/www.ibi-kompetenz.eu\\\/wp-content\\\/uploads\\\/2015\\\/02\\\/IBI-kompetenz-Logo-quer-weiss-2016.jpg\",\"width\":230,\"height\":120,\"caption\":\"IBI ist ein interdisziplin\u00e4res Kompetenzzentrum\"},\"image\":{\"@id\":\"https:\\\/\\\/www.ibi-kompetenz.eu\\\/#\\\/schema\\\/logo\\\/image\\\/\"}},{\"@type\":\"Person\",\"@id\":\"https:\\\/\\\/www.ibi-kompetenz.eu\\\/#\\\/schema\\\/person\\\/f58f49438fc1d94c7ae85e8ed94c2cd4\",\"name\":\"Manuel Walder\",\"image\":{\"@type\":\"ImageObject\",\"inLanguage\":\"it-IT\",\"@id\":\"https:\\\/\\\/secure.gravatar.com\\\/avatar\\\/7c25fb8a54cedaac3dfe2bac7d0a53c0a85d099ecb1700d14e5cfe6a19e0d7bc?s=96&d=mm&r=g\",\"url\":\"https:\\\/\\\/secure.gravatar.com\\\/avatar\\\/7c25fb8a54cedaac3dfe2bac7d0a53c0a85d099ecb1700d14e5cfe6a19e0d7bc?s=96&d=mm&r=g\",\"contentUrl\":\"https:\\\/\\\/secure.gravatar.com\\\/avatar\\\/7c25fb8a54cedaac3dfe2bac7d0a53c0a85d099ecb1700d14e5cfe6a19e0d7bc?s=96&d=mm&r=g\",\"caption\":\"Manuel Walder\"},\"sameAs\":[\"https:\\\/\\\/www.ibi-kompetenz.eu\"],\"url\":\"https:\\\/\\\/www.ibi-kompetenz.eu\\\/it\\\/author\\\/jessica\\\/\"}]}<\/script>\n<!-- \/ Yoast SEO plugin. -->","yoast_head_json":{"title":"4\u00b0 EDIZIONE DELLE GIORNATE DELL'EDILIZIA INTERALPINA - IBI Kompetenz","robots":{"index":"index","follow":"follow","max-snippet":"max-snippet:-1","max-image-preview":"max-image-preview:large","max-video-preview":"max-video-preview:-1"},"canonical":"https:\/\/www.ibi-kompetenz.eu\/it\/giornateedilizia21\/","og_locale":"it_IT","og_type":"article","og_title":"4\u00b0 EDIZIONE DELLE GIORNATE DELL'EDILIZIA INTERALPINA - IBI Kompetenz","og_description":"LA 4\u00b0 EDIZIONE DELLE &#8220;GIORNATE DELL&#8217;EDILIZIA INTERALPINA&#8221; SI CONCLUDE CON SUCCESSO: FOCUS SULLA SICUREZZA E LA RESPONSABILIT\u00c0 DELLE STRUTTURE INFRASTRUTTURALI La 4\u00b0 edizione delle &#8220;Giornate dell&#8217;Edilizia Interalpina&#8221; sul tema &#8221; Monitoraggio smart delle opere infrastrutturali&#8221;, organizzato dal centro di competenza IBI-Euregio, si \u00e8 concluso oggi con successo a Igls. Una conferenza internazionale con relatori esperti [...]","og_url":"https:\/\/www.ibi-kompetenz.eu\/it\/giornateedilizia21\/","og_site_name":"IBI Kompetenz","article_published_time":"2021-11-16T06:51:20+00:00","article_modified_time":"2021-11-16T07:02:02+00:00","og_image":[{"width":2000,"height":1333,"url":"https:\/\/www.ibi-kompetenz.eu\/wp-content\/uploads\/2021\/11\/action.php-2.jpeg","type":"image\/jpeg"}],"author":"Manuel Walder","twitter_card":"summary_large_image","twitter_misc":{"Scritto da":false,"Tempo di lettura stimato":"3 minuti"},"schema":{"@context":"https:\/\/schema.org","@graph":[{"@type":"Article","@id":"https:\/\/www.ibi-kompetenz.eu\/it\/giornateedilizia21\/#article","isPartOf":{"@id":"https:\/\/www.ibi-kompetenz.eu\/it\/giornateedilizia21\/"},"author":{"name":"Manuel Walder","@id":"https:\/\/www.ibi-kompetenz.eu\/#\/schema\/person\/f58f49438fc1d94c7ae85e8ed94c2cd4"},"headline":"4\u00b0 EDIZIONE DELLE GIORNATE DELL&#8217;EDILIZIA INTERALPINA","datePublished":"2021-11-16T06:51:20+00:00","dateModified":"2021-11-16T07:02:02+00:00","mainEntityOfPage":{"@id":"https:\/\/www.ibi-kompetenz.eu\/it\/giornateedilizia21\/"},"wordCount":512,"commentCount":0,"publisher":{"@id":"https:\/\/www.ibi-kompetenz.eu\/#organization"},"image":{"@id":"https:\/\/www.ibi-kompetenz.eu\/it\/giornateedilizia21\/#primaryimage"},"thumbnailUrl":"https:\/\/www.ibi-kompetenz.eu\/wp-content\/uploads\/2021\/11\/action.php-2.jpeg","articleSection":["Non categorizzato"],"inLanguage":"it-IT","potentialAction":[{"@type":"CommentAction","name":"Comment","target":["https:\/\/www.ibi-kompetenz.eu\/it\/giornateedilizia21\/#respond"]}]},{"@type":"WebPage","@id":"https:\/\/www.ibi-kompetenz.eu\/it\/giornateedilizia21\/","url":"https:\/\/www.ibi-kompetenz.eu\/it\/giornateedilizia21\/","name":"4\u00b0 EDIZIONE DELLE GIORNATE DELL'EDILIZIA INTERALPINA - IBI Kompetenz","isPartOf":{"@id":"https:\/\/www.ibi-kompetenz.eu\/#website"},"primaryImageOfPage":{"@id":"https:\/\/www.ibi-kompetenz.eu\/it\/giornateedilizia21\/#primaryimage"},"image":{"@id":"https:\/\/www.ibi-kompetenz.eu\/it\/giornateedilizia21\/#primaryimage"},"thumbnailUrl":"https:\/\/www.ibi-kompetenz.eu\/wp-content\/uploads\/2021\/11\/action.php-2.jpeg","datePublished":"2021-11-16T06:51:20+00:00","dateModified":"2021-11-16T07:02:02+00:00","breadcrumb":{"@id":"https:\/\/www.ibi-kompetenz.eu\/it\/giornateedilizia21\/#breadcrumb"},"inLanguage":"it-IT","potentialAction":[{"@type":"ReadAction","target":["https:\/\/www.ibi-kompetenz.eu\/it\/giornateedilizia21\/"]}]},{"@type":"ImageObject","inLanguage":"it-IT","@id":"https:\/\/www.ibi-kompetenz.eu\/it\/giornateedilizia21\/#primaryimage","url":"https:\/\/www.ibi-kompetenz.eu\/wp-content\/uploads\/2021\/11\/action.php-2.jpeg","contentUrl":"https:\/\/www.ibi-kompetenz.eu\/wp-content\/uploads\/2021\/11\/action.php-2.jpeg","width":2000,"height":1333},{"@type":"BreadcrumbList","@id":"https:\/\/www.ibi-kompetenz.eu\/it\/giornateedilizia21\/#breadcrumb","itemListElement":[{"@type":"ListItem","position":1,"name":"Startseite","item":"https:\/\/www.ibi-kompetenz.eu\/it\/"},{"@type":"ListItem","position":2,"name":"4\u00b0 EDIZIONE DELLE GIORNATE DELL&#8217;EDILIZIA INTERALPINA"}]},{"@type":"WebSite","@id":"https:\/\/www.ibi-kompetenz.eu\/#website","url":"https:\/\/www.ibi-kompetenz.eu\/","name":"IBI Kompetenz","description":"MIGLIORA L\u2019EDILIZIA NELLE ALPI","publisher":{"@id":"https:\/\/www.ibi-kompetenz.eu\/#organization"},"potentialAction":[{"@type":"SearchAction","target":{"@type":"EntryPoint","urlTemplate":"https:\/\/www.ibi-kompetenz.eu\/?s={search_term_string}"},"query-input":{"@type":"PropertyValueSpecification","valueRequired":true,"valueName":"search_term_string"}}],"inLanguage":"it-IT"},{"@type":"Organization","@id":"https:\/\/www.ibi-kompetenz.eu\/#organization","name":"IBI ist ein interdisziplin\u00e4res Kompetenzzentrum","url":"https:\/\/www.ibi-kompetenz.eu\/","logo":{"@type":"ImageObject","inLanguage":"it-IT","@id":"https:\/\/www.ibi-kompetenz.eu\/#\/schema\/logo\/image\/","url":"https:\/\/www.ibi-kompetenz.eu\/wp-content\/uploads\/2015\/02\/IBI-kompetenz-Logo-quer-weiss-2016.jpg","contentUrl":"https:\/\/www.ibi-kompetenz.eu\/wp-content\/uploads\/2015\/02\/IBI-kompetenz-Logo-quer-weiss-2016.jpg","width":230,"height":120,"caption":"IBI ist ein interdisziplin\u00e4res Kompetenzzentrum"},"image":{"@id":"https:\/\/www.ibi-kompetenz.eu\/#\/schema\/logo\/image\/"}},{"@type":"Person","@id":"https:\/\/www.ibi-kompetenz.eu\/#\/schema\/person\/f58f49438fc1d94c7ae85e8ed94c2cd4","name":"Manuel Walder","image":{"@type":"ImageObject","inLanguage":"it-IT","@id":"https:\/\/secure.gravatar.com\/avatar\/7c25fb8a54cedaac3dfe2bac7d0a53c0a85d099ecb1700d14e5cfe6a19e0d7bc?s=96&d=mm&r=g","url":"https:\/\/secure.gravatar.com\/avatar\/7c25fb8a54cedaac3dfe2bac7d0a53c0a85d099ecb1700d14e5cfe6a19e0d7bc?s=96&d=mm&r=g","contentUrl":"https:\/\/secure.gravatar.com\/avatar\/7c25fb8a54cedaac3dfe2bac7d0a53c0a85d099ecb1700d14e5cfe6a19e0d7bc?s=96&d=mm&r=g","caption":"Manuel Walder"},"sameAs":["https:\/\/www.ibi-kompetenz.eu"],"url":"https:\/\/www.ibi-kompetenz.eu\/it\/author\/jessica\/"}]}},"_links":{"self":[{"href":"https:\/\/www.ibi-kompetenz.eu\/it\/wp-json\/wp\/v2\/posts\/8840","targetHints":{"allow":["GET"]}}],"collection":[{"href":"https:\/\/www.ibi-kompetenz.eu\/it\/wp-json\/wp\/v2\/posts"}],"about":[{"href":"https:\/\/www.ibi-kompetenz.eu\/it\/wp-json\/wp\/v2\/types\/post"}],"author":[{"embeddable":true,"href":"https:\/\/www.ibi-kompetenz.eu\/it\/wp-json\/wp\/v2\/users\/4"}],"replies":[{"embeddable":true,"href":"https:\/\/www.ibi-kompetenz.eu\/it\/wp-json\/wp\/v2\/comments?post=8840"}],"version-history":[{"count":22,"href":"https:\/\/www.ibi-kompetenz.eu\/it\/wp-json\/wp\/v2\/posts\/8840\/revisions"}],"predecessor-version":[{"id":8896,"href":"https:\/\/www.ibi-kompetenz.eu\/it\/wp-json\/wp\/v2\/posts\/8840\/revisions\/8896"}],"wp:featuredmedia":[{"embeddable":true,"href":"https:\/\/www.ibi-kompetenz.eu\/it\/wp-json\/wp\/v2\/media\/8785"}],"wp:attachment":[{"href":"https:\/\/www.ibi-kompetenz.eu\/it\/wp-json\/wp\/v2\/media?parent=8840"}],"wp:term":[{"taxonomy":"category","embeddable":true,"href":"https:\/\/www.ibi-kompetenz.eu\/it\/wp-json\/wp\/v2\/categories?post=8840"},{"taxonomy":"post_tag","embeddable":true,"href":"https:\/\/www.ibi-kompetenz.eu\/it\/wp-json\/wp\/v2\/tags?post=8840"}],"curies":[{"name":"wp","href":"https:\/\/api.w.org\/{rel}","templated":true}]}}