{"id":6015,"date":"2020-03-02T14:57:45","date_gmt":"2020-03-02T13:57:45","guid":{"rendered":"https:\/\/www.ibi-kompetenz.eu\/?p=6015"},"modified":"2020-07-17T09:25:10","modified_gmt":"2020-07-17T07:25:10","slug":"2-interalpine-energie-und-umwelttage-2","status":"publish","type":"post","link":"https:\/\/www.ibi-kompetenz.eu\/it\/2-interalpine-energie-und-umwelttage-2\/","title":{"rendered":"3\u00b0 GIORNATE INTERALPINE DELL&#8217;ENERGIE E DELL&#8217;AMBIENTE GESTIONE DEI SEDIMENTI"},"content":{"rendered":"<a  data-e-Disable-Page-Transition=\"true\" class=\"download-link\" title=\"\" href=\"https:\/\/www.ibi-kompetenz.eu\/it\/download\/6554\/?tmstv=1777213236\" rel=\"nofollow\" id=\"download-link-6554\" data-redirect=\"false\" >\n\tProgramma-3\u00b0-Giornate-interalpine-dellenergia-e-dellambiente.pdf\t(809 download\t)\n<\/a>\n\n<p>&nbsp;<\/p>\n<p>Relatori e relatori di alto livello hanno discusso le possibili soluzioni sostenibili e gli effetti del risciacquo dei serbatoi sull&#8217;ecologia. I partecipanti hanno convenuto che la gestione sostenibile dei sedimenti pu\u00f2 essere ottenuta solo attraverso la cooperazione tra i gestori delle centrali elettriche, i rappresentanti delle autorit\u00e0, gli ecologisti e gli acquacoltori.<\/p>\n<p>I sedimenti sono una componente importante delle nostre acque. Nei serbatoi degli impianti di ingegneria idraulica, tuttavia, il processo di flusso naturale \u00e8 inibito: i sedimenti affondano sul fondo del serbatoio e insabbiano la struttura. La produzione di energia \u00e8 limitata. Allo stesso tempo, questi sedimenti mancano a valle per preservare il carico naturale del letto e la biodiversit\u00e0. La gestione dello spazio dei sedimenti con metodi convenzionali \u00e8 costosa e ha gravi conseguenze ecologiche. \u00c8 essenziale sia per i gestori delle centrali idroelettriche che per l&#8217;ambiente che si trovino soluzioni sensate.<\/p>\n<p>In risposta a questo problema, gioved\u00ec 27 febbraio e venerd\u00ec 28 febbraio 2020, nella nuova centrale elettrica della Inn Joint Power Plant, si \u00e8 tenuta una conferenza europea sul tema &#8220;GESTIONE DEI SEDIMENTI &#8211; Un tema per generazioni&#8221;, che ha esaminato il tema da diversi punti di vista e ha affrontato questioni centrali:<\/p>\n<ul>\n<li>Quali sono le sfide che gli operatori devono affrontare?<\/li>\n<li>In che modo la gestione dei bacini idrici influisce sul fiume?<\/li>\n<li>Quali sono gli approcci di ricerca moderni?<\/li>\n<li>E per quanto riguarda l&#8217;attuazione pratica?<\/li>\n<\/ul>\n<p>La centrale elettrica della Community Powerhouse ha fornito la sede ideale per affrontare questo argomento con relatori di alto livello, panelisti e partecipanti alla conferenza provenienti da tutta l&#8217;Europa centrale. Oltre ai direttori del TIWAG Johann Herdina, dell&#8217;Illwerke Helmut Mennel e al direttore della direzione delle centrali elettriche engadinesi Peter Roth, sono intervenuti all&#8217;evento anche gli esperti di ingegneria idraulica in Europa, come il professor Anton Schleiss del Politecnico di Losanna o il professor Robert Boes del Politecnico di Zurigo.<\/p>\n<p>Il programma delle lezioni \u00e8 stato scelto per coprire tutti gli aspetti rilevanti relativi alla gestione dei sedimenti &#8211; dall&#8217;esperienza pratica alla teoria, dal punto di vista del generatore di energia a quello dell&#8217;operatore della pesca.<\/p>\n<p>Il direttore Herdina ha sottolineato nel suo discorso di benvenuto che la gestione dei sedimenti deve essere sostenibile. &#8220;Non dobbiamo risolvere il nostro problema dei sedimenti a spese della prossima generazione&#8221;, ha detto Herdina. Il professor Schleiss \u00e8 convinto che il problema della sedimentazione dei serbatoi si aggraver\u00e0 nei prossimi anni a causa del cambiamento climatico e del conseguente aumento della temperatura.<\/p>\n<p>Gli altoparlanti erano in contrasto con gli effetti del risciacquo del bacino idrico sugli stock ittici.<\/p>\n<p>Il Dr. Robert Schifferegger dell&#8217;Assessorato alla Protezione delle Acque della Provincia Autonoma di Bolzano ha presentato nella sua lezione su &#8220;Gestione dei sedimenti e protezione dei pesci&#8221; che intere popolazioni ittiche sono state massicciamente ridotte dal lavaggio in Alto Adige. Tuttavia, il Dr. Christian Hauer dell&#8217;Istituto Christian Doppler di Vienna ha presentato anche studi che dimostrano che il lavaggio controllato ha avuto un effetto positivo anche sullo sviluppo delle popolazioni di pesci.<\/p>\n<p>Il professor Helmut Habersack dell&#8217;Universit\u00e0 delle risorse naturali e delle scienze della vita applicate di Vienna, anche in questo caso ha sottolineato espressamente nella sua presentazione che dopo la costruzione del bacino idrico si riscontra spesso un notevole deficit di sedimenti, che ha un effetto negativo sulla morfologia dei fiumi.<\/p>\n<p>Si potrebbe quindi affermare che le indagini gi\u00e0 in corso sulla gestione dei sedimenti e sugli effetti ecologici associati hanno ancora un elevato potenziale di ricerca.<\/p>\n<p>&#8220;Sia la manipolazione e l&#8217;eventuale utilizzo dei sedimenti, sia i loro effetti sull&#8217;ecologia devono essere indagati, considerati e implementati in relazione alla centrale e con il coinvolgimento di tutti gli attori interessati&#8221;, ha sintetizzato il Dr. Dietmar Thomaseth del Centro di Competenza IBI Euregio. &#8220;Non ci sar\u00e0 una soluzione generalmente valida&#8221;, ha detto il dottor Thomaseth.<\/p>\n<p>Nel pomeriggio del primo giorno di conferenza sono state presentate anche diverse implementazioni pratiche di nuove considerazioni. Il Dr. Richard Obendorfer del TIWAG e Stefan Pfeifer di Illwerke hanno presentato in modo impressionante i progetti in corso in cui vengono applicati nuovi sistemi e tecniche nella gestione dello spazio dei sedimenti nelle centrali elettriche del TIWAG e di Illwerke.<\/p>\n<p>Durante la tavola rotonda conclusiva del primo giorno, i gestori delle centrali elettriche hanno sottolineato in particolare la sostenibilit\u00e0 come principio centrale per le decisioni future nella gestione delle centrali. Il direttore Mennel si \u00e8 detto particolarmente soddisfatto del fatto che nel Vorarlberg si sia intensificato lo scambio tra le Illwerke e le aziende di pesca interessate.<\/p>\n<p>Il secondo giorno dell&#8217;evento, ai partecipanti \u00e8 stata presentata la nuova centrale elettrica GKI di nuova costruzione e la relativa camera delle attrezzature. I partecipanti erano entusiasti dell&#8217;alta qualit\u00e0 dell&#8217;esecuzione. Una centrale elettrica di superlativi, ha detto un partecipante.<\/p>\n<p>Sintesi dell&#8217;evento: Le soluzioni possono essere trovate solo attraverso una comunicazione interdisciplinare con tutte le parti interessate. Questo evento ha gi\u00e0 contribuito ad abbattere alcune barriere.<\/p>\n<p><a href=\"https:\/\/www.ibi-kompetenz.eu\/wp-content\/uploads\/2020\/03\/VB_EnUmw-Tage-Seite-1.jpg\"><img decoding=\"async\" class=\"alignnone wp-image-5976 size-medium\" src=\"https:\/\/www.ibi-kompetenz.eu\/wp-content\/uploads\/2020\/03\/VB_EnUmw-Tage-Seite-1-212x300.jpg\" alt=\"\" width=\"212\" height=\"300\" srcset=\"https:\/\/www.ibi-kompetenz.eu\/wp-content\/uploads\/2020\/03\/VB_EnUmw-Tage-Seite-1-200x283.jpg 200w, https:\/\/www.ibi-kompetenz.eu\/wp-content\/uploads\/2020\/03\/VB_EnUmw-Tage-Seite-1-212x300.jpg 212w, https:\/\/www.ibi-kompetenz.eu\/wp-content\/uploads\/2020\/03\/VB_EnUmw-Tage-Seite-1-400x566.jpg 400w, https:\/\/www.ibi-kompetenz.eu\/wp-content\/uploads\/2020\/03\/VB_EnUmw-Tage-Seite-1-600x849.jpg 600w, https:\/\/www.ibi-kompetenz.eu\/wp-content\/uploads\/2020\/03\/VB_EnUmw-Tage-Seite-1-724x1024.jpg 724w, https:\/\/www.ibi-kompetenz.eu\/wp-content\/uploads\/2020\/03\/VB_EnUmw-Tage-Seite-1-768x1086.jpg 768w, https:\/\/www.ibi-kompetenz.eu\/wp-content\/uploads\/2020\/03\/VB_EnUmw-Tage-Seite-1-800x1131.jpg 800w, https:\/\/www.ibi-kompetenz.eu\/wp-content\/uploads\/2020\/03\/VB_EnUmw-Tage-Seite-1-1086x1536.jpg 1086w, https:\/\/www.ibi-kompetenz.eu\/wp-content\/uploads\/2020\/03\/VB_EnUmw-Tage-Seite-1-1200x1697.jpg 1200w, https:\/\/www.ibi-kompetenz.eu\/wp-content\/uploads\/2020\/03\/VB_EnUmw-Tage-Seite-1.jpg 1241w\" sizes=\"(max-width: 212px) 100vw, 212px\" \/><img decoding=\"async\" class=\"alignnone wp-image-5978 size-medium\" src=\"https:\/\/www.ibi-kompetenz.eu\/wp-content\/uploads\/2020\/03\/VB_EnUmw-Tage-Seite-2-212x300.jpg\" alt=\"\" width=\"212\" height=\"300\" srcset=\"https:\/\/www.ibi-kompetenz.eu\/wp-content\/uploads\/2020\/03\/VB_EnUmw-Tage-Seite-2-200x283.jpg 200w, https:\/\/www.ibi-kompetenz.eu\/wp-content\/uploads\/2020\/03\/VB_EnUmw-Tage-Seite-2-212x300.jpg 212w, https:\/\/www.ibi-kompetenz.eu\/wp-content\/uploads\/2020\/03\/VB_EnUmw-Tage-Seite-2-400x566.jpg 400w, https:\/\/www.ibi-kompetenz.eu\/wp-content\/uploads\/2020\/03\/VB_EnUmw-Tage-Seite-2-600x849.jpg 600w, https:\/\/www.ibi-kompetenz.eu\/wp-content\/uploads\/2020\/03\/VB_EnUmw-Tage-Seite-2-724x1024.jpg 724w, https:\/\/www.ibi-kompetenz.eu\/wp-content\/uploads\/2020\/03\/VB_EnUmw-Tage-Seite-2-768x1086.jpg 768w, https:\/\/www.ibi-kompetenz.eu\/wp-content\/uploads\/2020\/03\/VB_EnUmw-Tage-Seite-2-800x1131.jpg 800w, https:\/\/www.ibi-kompetenz.eu\/wp-content\/uploads\/2020\/03\/VB_EnUmw-Tage-Seite-2-1086x1536.jpg 1086w, https:\/\/www.ibi-kompetenz.eu\/wp-content\/uploads\/2020\/03\/VB_EnUmw-Tage-Seite-2-1200x1697.jpg 1200w, https:\/\/www.ibi-kompetenz.eu\/wp-content\/uploads\/2020\/03\/VB_EnUmw-Tage-Seite-2.jpg 1241w\" sizes=\"(max-width: 212px) 100vw, 212px\" \/><\/a><\/p>\n<p>&nbsp;<\/p>\n<p><em><strong>Su richiesta possiamo fornirVi le presentazioni dei referenti!<\/strong><\/em><\/p>\n","protected":false},"excerpt":{"rendered":"<p>&nbsp; Relatori e relatori di alto livello hanno discusso le possibili soluzioni sostenibili e gli effetti del risciacquo dei serbatoi sull&#8217;ecologia. I partecipanti hanno convenuto che la gestione sostenibile dei sedimenti pu\u00f2 essere ottenuta solo attraverso la cooperazione tra i gestori delle centrali elettriche, i rappresentanti delle autorit\u00e0, gli ecologisti e gli acquacoltori. I sedimenti  [&#8230;]<\/p>\n","protected":false},"author":4,"featured_media":5991,"comment_status":"open","ping_status":"open","sticky":false,"template":"","format":"standard","meta":{"footnotes":""},"categories":[66],"tags":[],"class_list":["post-6015","post","type-post","status-publish","format-standard","has-post-thumbnail","hentry","category-non-categorizzato"],"yoast_head":"<!-- This site is optimized with the Yoast SEO plugin v27.4 - https:\/\/yoast.com\/product\/yoast-seo-wordpress\/ -->\n<title>3\u00b0 GIORNATE INTERALPINE DELL&#039;ENERGIE E DELL&#039;AMBIENTE GESTIONE DEI SEDIMENTI - IBI Kompetenz<\/title>\n<meta name=\"robots\" content=\"index, follow, max-snippet:-1, max-image-preview:large, max-video-preview:-1\" \/>\n<link rel=\"canonical\" href=\"https:\/\/www.ibi-kompetenz.eu\/it\/2-interalpine-energie-und-umwelttage-2\/\" \/>\n<meta property=\"og:locale\" content=\"it_IT\" \/>\n<meta property=\"og:type\" content=\"article\" \/>\n<meta property=\"og:title\" content=\"3\u00b0 GIORNATE INTERALPINE DELL&#039;ENERGIE E DELL&#039;AMBIENTE GESTIONE DEI SEDIMENTI - IBI Kompetenz\" \/>\n<meta property=\"og:description\" content=\"&nbsp; Relatori e relatori di alto livello hanno discusso le possibili soluzioni sostenibili e gli effetti del risciacquo dei serbatoi sull&#8217;ecologia. I partecipanti hanno convenuto che la gestione sostenibile dei sedimenti pu\u00f2 essere ottenuta solo attraverso la cooperazione tra i gestori delle centrali elettriche, i rappresentanti delle autorit\u00e0, gli ecologisti e gli acquacoltori. I sedimenti [...]\" \/>\n<meta property=\"og:url\" content=\"https:\/\/www.ibi-kompetenz.eu\/it\/2-interalpine-energie-und-umwelttage-2\/\" \/>\n<meta property=\"og:site_name\" content=\"IBI Kompetenz\" \/>\n<meta property=\"article:published_time\" content=\"2020-03-02T13:57:45+00:00\" \/>\n<meta property=\"article:modified_time\" content=\"2020-07-17T07:25:10+00:00\" \/>\n<meta property=\"og:image\" content=\"https:\/\/www.ibi-kompetenz.eu\/wp-content\/uploads\/2020\/03\/Interalpine-Energie-Umwelttage-456-ThomasSteinlechner-1024x682.jpg\" \/>\n\t<meta property=\"og:image:width\" content=\"1024\" \/>\n\t<meta property=\"og:image:height\" content=\"682\" \/>\n\t<meta property=\"og:image:type\" content=\"image\/jpeg\" \/>\n<meta name=\"author\" content=\"Manuel Walder\" \/>\n<meta name=\"twitter:card\" content=\"summary_large_image\" \/>\n<meta name=\"twitter:label1\" content=\"Scritto da\" \/>\n\t<meta name=\"twitter:data1\" content=\"\" \/>\n\t<meta name=\"twitter:label2\" content=\"Tempo di lettura stimato\" \/>\n\t<meta name=\"twitter:data2\" content=\"4 minuti\" \/>\n<script type=\"application\/ld+json\" class=\"yoast-schema-graph\">{\"@context\":\"https:\\\/\\\/schema.org\",\"@graph\":[{\"@type\":\"Article\",\"@id\":\"https:\\\/\\\/www.ibi-kompetenz.eu\\\/it\\\/2-interalpine-energie-und-umwelttage-2\\\/#article\",\"isPartOf\":{\"@id\":\"https:\\\/\\\/www.ibi-kompetenz.eu\\\/it\\\/2-interalpine-energie-und-umwelttage-2\\\/\"},\"author\":{\"name\":\"Manuel Walder\",\"@id\":\"https:\\\/\\\/www.ibi-kompetenz.eu\\\/#\\\/schema\\\/person\\\/f58f49438fc1d94c7ae85e8ed94c2cd4\"},\"headline\":\"3\u00b0 GIORNATE INTERALPINE DELL&#8217;ENERGIE E DELL&#8217;AMBIENTE GESTIONE DEI SEDIMENTI\",\"datePublished\":\"2020-03-02T13:57:45+00:00\",\"dateModified\":\"2020-07-17T07:25:10+00:00\",\"mainEntityOfPage\":{\"@id\":\"https:\\\/\\\/www.ibi-kompetenz.eu\\\/it\\\/2-interalpine-energie-und-umwelttage-2\\\/\"},\"wordCount\":846,\"commentCount\":0,\"publisher\":{\"@id\":\"https:\\\/\\\/www.ibi-kompetenz.eu\\\/#organization\"},\"image\":{\"@id\":\"https:\\\/\\\/www.ibi-kompetenz.eu\\\/it\\\/2-interalpine-energie-und-umwelttage-2\\\/#primaryimage\"},\"thumbnailUrl\":\"https:\\\/\\\/www.ibi-kompetenz.eu\\\/wp-content\\\/uploads\\\/2020\\\/03\\\/Interalpine-Energie-Umwelttage-456-ThomasSteinlechner.jpg\",\"articleSection\":[\"Non categorizzato\"],\"inLanguage\":\"it-IT\",\"potentialAction\":[{\"@type\":\"CommentAction\",\"name\":\"Comment\",\"target\":[\"https:\\\/\\\/www.ibi-kompetenz.eu\\\/it\\\/2-interalpine-energie-und-umwelttage-2\\\/#respond\"]}]},{\"@type\":\"WebPage\",\"@id\":\"https:\\\/\\\/www.ibi-kompetenz.eu\\\/it\\\/2-interalpine-energie-und-umwelttage-2\\\/\",\"url\":\"https:\\\/\\\/www.ibi-kompetenz.eu\\\/it\\\/2-interalpine-energie-und-umwelttage-2\\\/\",\"name\":\"3\u00b0 GIORNATE INTERALPINE DELL'ENERGIE E DELL'AMBIENTE GESTIONE DEI SEDIMENTI - IBI Kompetenz\",\"isPartOf\":{\"@id\":\"https:\\\/\\\/www.ibi-kompetenz.eu\\\/#website\"},\"primaryImageOfPage\":{\"@id\":\"https:\\\/\\\/www.ibi-kompetenz.eu\\\/it\\\/2-interalpine-energie-und-umwelttage-2\\\/#primaryimage\"},\"image\":{\"@id\":\"https:\\\/\\\/www.ibi-kompetenz.eu\\\/it\\\/2-interalpine-energie-und-umwelttage-2\\\/#primaryimage\"},\"thumbnailUrl\":\"https:\\\/\\\/www.ibi-kompetenz.eu\\\/wp-content\\\/uploads\\\/2020\\\/03\\\/Interalpine-Energie-Umwelttage-456-ThomasSteinlechner.jpg\",\"datePublished\":\"2020-03-02T13:57:45+00:00\",\"dateModified\":\"2020-07-17T07:25:10+00:00\",\"breadcrumb\":{\"@id\":\"https:\\\/\\\/www.ibi-kompetenz.eu\\\/it\\\/2-interalpine-energie-und-umwelttage-2\\\/#breadcrumb\"},\"inLanguage\":\"it-IT\",\"potentialAction\":[{\"@type\":\"ReadAction\",\"target\":[\"https:\\\/\\\/www.ibi-kompetenz.eu\\\/it\\\/2-interalpine-energie-und-umwelttage-2\\\/\"]}]},{\"@type\":\"ImageObject\",\"inLanguage\":\"it-IT\",\"@id\":\"https:\\\/\\\/www.ibi-kompetenz.eu\\\/it\\\/2-interalpine-energie-und-umwelttage-2\\\/#primaryimage\",\"url\":\"https:\\\/\\\/www.ibi-kompetenz.eu\\\/wp-content\\\/uploads\\\/2020\\\/03\\\/Interalpine-Energie-Umwelttage-456-ThomasSteinlechner.jpg\",\"contentUrl\":\"https:\\\/\\\/www.ibi-kompetenz.eu\\\/wp-content\\\/uploads\\\/2020\\\/03\\\/Interalpine-Energie-Umwelttage-456-ThomasSteinlechner.jpg\",\"width\":2000,\"height\":1333},{\"@type\":\"BreadcrumbList\",\"@id\":\"https:\\\/\\\/www.ibi-kompetenz.eu\\\/it\\\/2-interalpine-energie-und-umwelttage-2\\\/#breadcrumb\",\"itemListElement\":[{\"@type\":\"ListItem\",\"position\":1,\"name\":\"Startseite\",\"item\":\"https:\\\/\\\/www.ibi-kompetenz.eu\\\/it\\\/\"},{\"@type\":\"ListItem\",\"position\":2,\"name\":\"3\u00b0 GIORNATE INTERALPINE DELL&#8217;ENERGIE E DELL&#8217;AMBIENTE GESTIONE DEI SEDIMENTI\"}]},{\"@type\":\"WebSite\",\"@id\":\"https:\\\/\\\/www.ibi-kompetenz.eu\\\/#website\",\"url\":\"https:\\\/\\\/www.ibi-kompetenz.eu\\\/\",\"name\":\"IBI Kompetenz\",\"description\":\"MIGLIORA L\u2019EDILIZIA NELLE ALPI\",\"publisher\":{\"@id\":\"https:\\\/\\\/www.ibi-kompetenz.eu\\\/#organization\"},\"potentialAction\":[{\"@type\":\"SearchAction\",\"target\":{\"@type\":\"EntryPoint\",\"urlTemplate\":\"https:\\\/\\\/www.ibi-kompetenz.eu\\\/?s={search_term_string}\"},\"query-input\":{\"@type\":\"PropertyValueSpecification\",\"valueRequired\":true,\"valueName\":\"search_term_string\"}}],\"inLanguage\":\"it-IT\"},{\"@type\":\"Organization\",\"@id\":\"https:\\\/\\\/www.ibi-kompetenz.eu\\\/#organization\",\"name\":\"IBI ist ein interdisziplin\u00e4res Kompetenzzentrum\",\"url\":\"https:\\\/\\\/www.ibi-kompetenz.eu\\\/\",\"logo\":{\"@type\":\"ImageObject\",\"inLanguage\":\"it-IT\",\"@id\":\"https:\\\/\\\/www.ibi-kompetenz.eu\\\/#\\\/schema\\\/logo\\\/image\\\/\",\"url\":\"https:\\\/\\\/www.ibi-kompetenz.eu\\\/wp-content\\\/uploads\\\/2015\\\/02\\\/IBI-kompetenz-Logo-quer-weiss-2016.jpg\",\"contentUrl\":\"https:\\\/\\\/www.ibi-kompetenz.eu\\\/wp-content\\\/uploads\\\/2015\\\/02\\\/IBI-kompetenz-Logo-quer-weiss-2016.jpg\",\"width\":230,\"height\":120,\"caption\":\"IBI ist ein interdisziplin\u00e4res Kompetenzzentrum\"},\"image\":{\"@id\":\"https:\\\/\\\/www.ibi-kompetenz.eu\\\/#\\\/schema\\\/logo\\\/image\\\/\"}},{\"@type\":\"Person\",\"@id\":\"https:\\\/\\\/www.ibi-kompetenz.eu\\\/#\\\/schema\\\/person\\\/f58f49438fc1d94c7ae85e8ed94c2cd4\",\"name\":\"Manuel Walder\",\"image\":{\"@type\":\"ImageObject\",\"inLanguage\":\"it-IT\",\"@id\":\"https:\\\/\\\/secure.gravatar.com\\\/avatar\\\/7c25fb8a54cedaac3dfe2bac7d0a53c0a85d099ecb1700d14e5cfe6a19e0d7bc?s=96&d=mm&r=g\",\"url\":\"https:\\\/\\\/secure.gravatar.com\\\/avatar\\\/7c25fb8a54cedaac3dfe2bac7d0a53c0a85d099ecb1700d14e5cfe6a19e0d7bc?s=96&d=mm&r=g\",\"contentUrl\":\"https:\\\/\\\/secure.gravatar.com\\\/avatar\\\/7c25fb8a54cedaac3dfe2bac7d0a53c0a85d099ecb1700d14e5cfe6a19e0d7bc?s=96&d=mm&r=g\",\"caption\":\"Manuel Walder\"},\"sameAs\":[\"https:\\\/\\\/www.ibi-kompetenz.eu\"],\"url\":\"https:\\\/\\\/www.ibi-kompetenz.eu\\\/it\\\/author\\\/jessica\\\/\"}]}<\/script>\n<!-- \/ Yoast SEO plugin. -->","yoast_head_json":{"title":"3\u00b0 GIORNATE INTERALPINE DELL'ENERGIE E DELL'AMBIENTE GESTIONE DEI SEDIMENTI - IBI Kompetenz","robots":{"index":"index","follow":"follow","max-snippet":"max-snippet:-1","max-image-preview":"max-image-preview:large","max-video-preview":"max-video-preview:-1"},"canonical":"https:\/\/www.ibi-kompetenz.eu\/it\/2-interalpine-energie-und-umwelttage-2\/","og_locale":"it_IT","og_type":"article","og_title":"3\u00b0 GIORNATE INTERALPINE DELL'ENERGIE E DELL'AMBIENTE GESTIONE DEI SEDIMENTI - IBI Kompetenz","og_description":"&nbsp; Relatori e relatori di alto livello hanno discusso le possibili soluzioni sostenibili e gli effetti del risciacquo dei serbatoi sull&#8217;ecologia. I partecipanti hanno convenuto che la gestione sostenibile dei sedimenti pu\u00f2 essere ottenuta solo attraverso la cooperazione tra i gestori delle centrali elettriche, i rappresentanti delle autorit\u00e0, gli ecologisti e gli acquacoltori. I sedimenti [...]","og_url":"https:\/\/www.ibi-kompetenz.eu\/it\/2-interalpine-energie-und-umwelttage-2\/","og_site_name":"IBI Kompetenz","article_published_time":"2020-03-02T13:57:45+00:00","article_modified_time":"2020-07-17T07:25:10+00:00","og_image":[{"width":1024,"height":682,"url":"https:\/\/www.ibi-kompetenz.eu\/wp-content\/uploads\/2020\/03\/Interalpine-Energie-Umwelttage-456-ThomasSteinlechner-1024x682.jpg","type":"image\/jpeg"}],"author":"Manuel Walder","twitter_card":"summary_large_image","twitter_misc":{"Scritto da":false,"Tempo di lettura stimato":"4 minuti"},"schema":{"@context":"https:\/\/schema.org","@graph":[{"@type":"Article","@id":"https:\/\/www.ibi-kompetenz.eu\/it\/2-interalpine-energie-und-umwelttage-2\/#article","isPartOf":{"@id":"https:\/\/www.ibi-kompetenz.eu\/it\/2-interalpine-energie-und-umwelttage-2\/"},"author":{"name":"Manuel Walder","@id":"https:\/\/www.ibi-kompetenz.eu\/#\/schema\/person\/f58f49438fc1d94c7ae85e8ed94c2cd4"},"headline":"3\u00b0 GIORNATE INTERALPINE DELL&#8217;ENERGIE E DELL&#8217;AMBIENTE GESTIONE DEI SEDIMENTI","datePublished":"2020-03-02T13:57:45+00:00","dateModified":"2020-07-17T07:25:10+00:00","mainEntityOfPage":{"@id":"https:\/\/www.ibi-kompetenz.eu\/it\/2-interalpine-energie-und-umwelttage-2\/"},"wordCount":846,"commentCount":0,"publisher":{"@id":"https:\/\/www.ibi-kompetenz.eu\/#organization"},"image":{"@id":"https:\/\/www.ibi-kompetenz.eu\/it\/2-interalpine-energie-und-umwelttage-2\/#primaryimage"},"thumbnailUrl":"https:\/\/www.ibi-kompetenz.eu\/wp-content\/uploads\/2020\/03\/Interalpine-Energie-Umwelttage-456-ThomasSteinlechner.jpg","articleSection":["Non categorizzato"],"inLanguage":"it-IT","potentialAction":[{"@type":"CommentAction","name":"Comment","target":["https:\/\/www.ibi-kompetenz.eu\/it\/2-interalpine-energie-und-umwelttage-2\/#respond"]}]},{"@type":"WebPage","@id":"https:\/\/www.ibi-kompetenz.eu\/it\/2-interalpine-energie-und-umwelttage-2\/","url":"https:\/\/www.ibi-kompetenz.eu\/it\/2-interalpine-energie-und-umwelttage-2\/","name":"3\u00b0 GIORNATE INTERALPINE DELL'ENERGIE E DELL'AMBIENTE GESTIONE DEI SEDIMENTI - IBI Kompetenz","isPartOf":{"@id":"https:\/\/www.ibi-kompetenz.eu\/#website"},"primaryImageOfPage":{"@id":"https:\/\/www.ibi-kompetenz.eu\/it\/2-interalpine-energie-und-umwelttage-2\/#primaryimage"},"image":{"@id":"https:\/\/www.ibi-kompetenz.eu\/it\/2-interalpine-energie-und-umwelttage-2\/#primaryimage"},"thumbnailUrl":"https:\/\/www.ibi-kompetenz.eu\/wp-content\/uploads\/2020\/03\/Interalpine-Energie-Umwelttage-456-ThomasSteinlechner.jpg","datePublished":"2020-03-02T13:57:45+00:00","dateModified":"2020-07-17T07:25:10+00:00","breadcrumb":{"@id":"https:\/\/www.ibi-kompetenz.eu\/it\/2-interalpine-energie-und-umwelttage-2\/#breadcrumb"},"inLanguage":"it-IT","potentialAction":[{"@type":"ReadAction","target":["https:\/\/www.ibi-kompetenz.eu\/it\/2-interalpine-energie-und-umwelttage-2\/"]}]},{"@type":"ImageObject","inLanguage":"it-IT","@id":"https:\/\/www.ibi-kompetenz.eu\/it\/2-interalpine-energie-und-umwelttage-2\/#primaryimage","url":"https:\/\/www.ibi-kompetenz.eu\/wp-content\/uploads\/2020\/03\/Interalpine-Energie-Umwelttage-456-ThomasSteinlechner.jpg","contentUrl":"https:\/\/www.ibi-kompetenz.eu\/wp-content\/uploads\/2020\/03\/Interalpine-Energie-Umwelttage-456-ThomasSteinlechner.jpg","width":2000,"height":1333},{"@type":"BreadcrumbList","@id":"https:\/\/www.ibi-kompetenz.eu\/it\/2-interalpine-energie-und-umwelttage-2\/#breadcrumb","itemListElement":[{"@type":"ListItem","position":1,"name":"Startseite","item":"https:\/\/www.ibi-kompetenz.eu\/it\/"},{"@type":"ListItem","position":2,"name":"3\u00b0 GIORNATE INTERALPINE DELL&#8217;ENERGIE E DELL&#8217;AMBIENTE GESTIONE DEI SEDIMENTI"}]},{"@type":"WebSite","@id":"https:\/\/www.ibi-kompetenz.eu\/#website","url":"https:\/\/www.ibi-kompetenz.eu\/","name":"IBI Kompetenz","description":"MIGLIORA L\u2019EDILIZIA NELLE ALPI","publisher":{"@id":"https:\/\/www.ibi-kompetenz.eu\/#organization"},"potentialAction":[{"@type":"SearchAction","target":{"@type":"EntryPoint","urlTemplate":"https:\/\/www.ibi-kompetenz.eu\/?s={search_term_string}"},"query-input":{"@type":"PropertyValueSpecification","valueRequired":true,"valueName":"search_term_string"}}],"inLanguage":"it-IT"},{"@type":"Organization","@id":"https:\/\/www.ibi-kompetenz.eu\/#organization","name":"IBI ist ein interdisziplin\u00e4res Kompetenzzentrum","url":"https:\/\/www.ibi-kompetenz.eu\/","logo":{"@type":"ImageObject","inLanguage":"it-IT","@id":"https:\/\/www.ibi-kompetenz.eu\/#\/schema\/logo\/image\/","url":"https:\/\/www.ibi-kompetenz.eu\/wp-content\/uploads\/2015\/02\/IBI-kompetenz-Logo-quer-weiss-2016.jpg","contentUrl":"https:\/\/www.ibi-kompetenz.eu\/wp-content\/uploads\/2015\/02\/IBI-kompetenz-Logo-quer-weiss-2016.jpg","width":230,"height":120,"caption":"IBI ist ein interdisziplin\u00e4res Kompetenzzentrum"},"image":{"@id":"https:\/\/www.ibi-kompetenz.eu\/#\/schema\/logo\/image\/"}},{"@type":"Person","@id":"https:\/\/www.ibi-kompetenz.eu\/#\/schema\/person\/f58f49438fc1d94c7ae85e8ed94c2cd4","name":"Manuel Walder","image":{"@type":"ImageObject","inLanguage":"it-IT","@id":"https:\/\/secure.gravatar.com\/avatar\/7c25fb8a54cedaac3dfe2bac7d0a53c0a85d099ecb1700d14e5cfe6a19e0d7bc?s=96&d=mm&r=g","url":"https:\/\/secure.gravatar.com\/avatar\/7c25fb8a54cedaac3dfe2bac7d0a53c0a85d099ecb1700d14e5cfe6a19e0d7bc?s=96&d=mm&r=g","contentUrl":"https:\/\/secure.gravatar.com\/avatar\/7c25fb8a54cedaac3dfe2bac7d0a53c0a85d099ecb1700d14e5cfe6a19e0d7bc?s=96&d=mm&r=g","caption":"Manuel Walder"},"sameAs":["https:\/\/www.ibi-kompetenz.eu"],"url":"https:\/\/www.ibi-kompetenz.eu\/it\/author\/jessica\/"}]}},"_links":{"self":[{"href":"https:\/\/www.ibi-kompetenz.eu\/it\/wp-json\/wp\/v2\/posts\/6015","targetHints":{"allow":["GET"]}}],"collection":[{"href":"https:\/\/www.ibi-kompetenz.eu\/it\/wp-json\/wp\/v2\/posts"}],"about":[{"href":"https:\/\/www.ibi-kompetenz.eu\/it\/wp-json\/wp\/v2\/types\/post"}],"author":[{"embeddable":true,"href":"https:\/\/www.ibi-kompetenz.eu\/it\/wp-json\/wp\/v2\/users\/4"}],"replies":[{"embeddable":true,"href":"https:\/\/www.ibi-kompetenz.eu\/it\/wp-json\/wp\/v2\/comments?post=6015"}],"version-history":[{"count":4,"href":"https:\/\/www.ibi-kompetenz.eu\/it\/wp-json\/wp\/v2\/posts\/6015\/revisions"}],"predecessor-version":[{"id":6557,"href":"https:\/\/www.ibi-kompetenz.eu\/it\/wp-json\/wp\/v2\/posts\/6015\/revisions\/6557"}],"wp:featuredmedia":[{"embeddable":true,"href":"https:\/\/www.ibi-kompetenz.eu\/it\/wp-json\/wp\/v2\/media\/5991"}],"wp:attachment":[{"href":"https:\/\/www.ibi-kompetenz.eu\/it\/wp-json\/wp\/v2\/media?parent=6015"}],"wp:term":[{"taxonomy":"category","embeddable":true,"href":"https:\/\/www.ibi-kompetenz.eu\/it\/wp-json\/wp\/v2\/categories?post=6015"},{"taxonomy":"post_tag","embeddable":true,"href":"https:\/\/www.ibi-kompetenz.eu\/it\/wp-json\/wp\/v2\/tags?post=6015"}],"curies":[{"name":"wp","href":"https:\/\/api.w.org\/{rel}","templated":true}]}}