{"id":2704,"date":"2017-09-18T16:48:49","date_gmt":"2017-09-18T14:48:49","guid":{"rendered":"https:\/\/www.ibi-kompetenz.eu\/?p=2704"},"modified":"2018-08-01T12:11:26","modified_gmt":"2018-08-01T10:11:26","slug":"porte-aperte","status":"publish","type":"post","link":"https:\/\/www.ibi-kompetenz.eu\/it\/porte-aperte\/","title":{"rendered":"PORTE APERTE"},"content":{"rendered":"<p><strong>Presentata l\u2019IBI<em>, <\/em>l\u2019officina delle idee transnazionale per l\u2019edilizia e le infrastrutture nelle zone alpine<\/strong><\/p>\n<p style=\"text-align: justify;\"><strong>L\u2019<em>IBI<\/em>, il Centro di competenza dell\u2019Euregio con sede a Varna, \u00e8 un polo di sviluppo e ricerca interdisciplinare e transnazionale che vuole essere motore di innovazione dell\u2019industria edile nelle regioni alpine. Venerd\u00ec pomeriggio, in occasione di una Giornata delle porte aperte, questa officina delle idee si \u00e8 presentata al pubblico assieme ad ospiti illustri e partner d\u2019eccellenza. <\/strong><\/p>\n<p style=\"text-align: justify;\">Il folto pubblico accorso a Varna ha ascoltato con interesse gli interventi dell\u2019europarlamentare altoatesino <strong>Herbert Dorfmann<\/strong>, del consigliere del Land Tirol <strong>Florian Riedl<\/strong>, del presidente del Consorzio dei comuni dell\u2019Alto Adige <strong>Andreas Schatzer<\/strong> e del presidente del Collegio dei costruttori altoatesini <strong>Markus Kofler<\/strong>. Il simposio sulle opportunit\u00e0 e i rischi legati all\u2019innovazione \u00e8 stato aperto da <strong>Franz Sch\u00f6pf<\/strong>, direttore dell\u2019Ufficio Innovazione, Ricerca e Sviluppo della Provincia di Bolzano. Tutti i relatori hanno messo in risalto lo spirito innovativo della collaborazione transfrontaliera, elogiando \u201cil progetto di un\u2019officina delle idee nata all\u2019interno del mondo economico\u201d. Un progetto che si basa su innovazione vissuta e ricerca operativa, provata sul campo e trasformata in realt\u00e0.<\/p>\n<p>&nbsp;<\/p>\n<p><strong>Migliorare l\u2019edilizia nelle Alpi per la salvaguardia dell\u2019ambiente e delle risorse naturali<\/strong><\/p>\n<p style=\"text-align: justify;\">\u201cAttraverso soluzioni interdisciplinari e innovative, <em>IBI<\/em> punta a migliorare l\u2019edilizia nelle regioni alpine\u201d, hanno spiegato il presidente di <em>IBI<\/em> <strong>Dietmar Thomaseth<\/strong> ed il suo vice <strong>Werner Kusstatscher<\/strong>. I principi cardine sono aumento dell\u2019efficienza, sostenibilit\u00e0 ambientale e rispetto delle risorse naturali. Ed \u00e8 in quest\u2019ottica che diversi esperti provenienti dall\u2019Alto Adige, da altre regioni italiane e da Austria, Germania e Svizzera collaborano per creare una rete strategica di know-how in materia di progettazione, geologia, tecniche di misurazione, idrologia e tecnologia dei materiali da costruzione che permetta di sviluppare soluzioni innovative per l\u2019edilizia nelle zone alpine.<\/p>\n<p>&nbsp;<\/p>\n<p>La proiezione di un filmato ha permesso ai presenti di capire meglio i quattro filoni di ricerca e sviluppo seguiti da <em>IBI<\/em>:<\/p>\n<p style=\"text-align: justify;\">\n<ul>\n<li><u>Logistica di cantiere e individuazione delle sostanze inquinanti<\/u>: concerne i materiali risultanti da scavi e demolizioni, i materiali riciclabili e i materiali prelevati da bacini artificiali e corsi d\u2019acqua. L\u2019attuale procedura di individuazione delle sostanze inquinanti non \u00e8 adeguata alla moderna logistica di cantiere, in quanto i risultati che permettono di decidere tra invio in discarica o recupero spesso arrivano troppo tardi. L\u2019obiettivo \u00e8 il monitoraggio in tempo reale dei materiali, con individuazione in loco delle sostanze inquinanti al fine di consentire il diretto riutilizzo.<\/li>\n<\/ul>\n<p>&nbsp;<\/p>\n<p style=\"text-align: justify;\">\n<ul>\n<li><u>Separazione mirata dei materiali nello scavo di gallerie<\/u>: negli interventi edilizi in zone montuose particolarmente mutevoli dal punto di vista geologico, \u00e8 importante separare i diversi tipi di roccia poich\u00e9 la mescolanza rende problematico un loro eventuale riutilizzo. Analizzando invece i materiali gi\u00e0 nella fase di perforazione della galleria, \u00e8 possibile separare in maniera tempestiva le rocce e procedere quindi al riutilizzo mirato di questi preziosi materiali.<\/li>\n<\/ul>\n<p>&nbsp;<\/p>\n<p style=\"text-align: justify;\">\n<ul>\n<li><u>Garanzia di sicurezza nei materiali di recupero<\/u>: \u00e8 necessario analizzare i materiali da demolizione in tempo reale e con una nuova metodologia di analisi. In questo modo le informazioni possono essere girate direttamente all\u2019utilizzatore, come ad esempio un produttore di calcestruzzo, che sulla base di questi dati pu\u00f2 adeguare la sua produzione successiva.<\/li>\n<\/ul>\n<p>&nbsp;<\/p>\n<p style=\"text-align: justify;\">\n<ul>\n<li><u>Monitoraggio delle strutture in calcestruzzo<\/u>: nel corso degli anni le opere infrastrutturali subiscono inevitabili deterioramenti, a volte visibili a volte no, che possono compromettere il loro utilizzo e la loro capacit\u00e0 di carico. Oggigiorno lo stato delle armature viene verificato tramite controlli regolari, che per\u00f2 sono molto dispendiosi e di conseguenza non rendono possibile analizzare una struttura in maniera completa. Il progetto punta quindi a sviluppare un sistema di monitoraggio automatizzato in grado di verificare esattamente lo stato reale, con evidenti vantaggi in termini di certezza dei costi e di progettazione.<\/li>\n<\/ul>\n<p>&nbsp;<\/p>\n<p style=\"text-align: justify;\">Clicca <a href=\"http:\/\/diego.thomas-steinlechner.com\/s\/837661C3242A6D448CA6879D2EAE0C41711X1505511693\" target=\"_blank\" rel=\"noopener\">QUI<\/a> per le foto della manifestazione.<\/p>\n","protected":false},"excerpt":{"rendered":"<p>Presentata l\u2019IBI, l\u2019officina delle idee transnazionale per l\u2019edilizia e le infrastrutture nelle zone alpine L\u2019IBI, il Centro di competenza dell\u2019Euregio con sede a Varna, \u00e8 un polo di sviluppo e ricerca interdisciplinare e transnazionale che vuole essere motore di innovazione dell\u2019industria edile nelle regioni alpine. Venerd\u00ec pomeriggio, in occasione di una Giornata delle porte aperte,  [&#8230;]<\/p>\n","protected":false},"author":4,"featured_media":3735,"comment_status":"open","ping_status":"open","sticky":false,"template":"","format":"standard","meta":{"footnotes":""},"categories":[80],"tags":[],"class_list":["post-2704","post","type-post","status-publish","format-standard","has-post-thumbnail","hentry","category-ibi-notizie"],"yoast_head":"<!-- This site is optimized with the Yoast SEO plugin v27.4 - https:\/\/yoast.com\/product\/yoast-seo-wordpress\/ -->\n<title>PORTE APERTE - IBI Kompetenz<\/title>\n<meta name=\"robots\" content=\"index, follow, max-snippet:-1, max-image-preview:large, max-video-preview:-1\" \/>\n<link rel=\"canonical\" href=\"https:\/\/www.ibi-kompetenz.eu\/it\/porte-aperte\/\" \/>\n<meta property=\"og:locale\" content=\"it_IT\" \/>\n<meta property=\"og:type\" content=\"article\" \/>\n<meta property=\"og:title\" content=\"PORTE APERTE - IBI Kompetenz\" \/>\n<meta property=\"og:description\" content=\"Presentata l\u2019IBI, l\u2019officina delle idee transnazionale per l\u2019edilizia e le infrastrutture nelle zone alpine L\u2019IBI, il Centro di competenza dell\u2019Euregio con sede a Varna, \u00e8 un polo di sviluppo e ricerca interdisciplinare e transnazionale che vuole essere motore di innovazione dell\u2019industria edile nelle regioni alpine. Venerd\u00ec pomeriggio, in occasione di una Giornata delle porte aperte, [...]\" \/>\n<meta property=\"og:url\" content=\"https:\/\/www.ibi-kompetenz.eu\/it\/porte-aperte\/\" \/>\n<meta property=\"og:site_name\" content=\"IBI Kompetenz\" \/>\n<meta property=\"article:published_time\" content=\"2017-09-18T14:48:49+00:00\" \/>\n<meta property=\"article:modified_time\" content=\"2018-08-01T10:11:26+00:00\" \/>\n<meta property=\"og:image\" content=\"https:\/\/www.ibi-kompetenz.eu\/wp-content\/uploads\/2017\/09\/IBI-Kompetenz-TagDerOffenenTuer-ThomasSteinlechner-6700-min.jpg\" \/>\n\t<meta property=\"og:image:width\" content=\"1000\" \/>\n\t<meta property=\"og:image:height\" content=\"666\" \/>\n\t<meta property=\"og:image:type\" content=\"image\/jpeg\" \/>\n<meta name=\"author\" content=\"Manuel Walder\" \/>\n<meta name=\"twitter:card\" content=\"summary_large_image\" \/>\n<meta name=\"twitter:label1\" content=\"Scritto da\" \/>\n\t<meta name=\"twitter:data1\" content=\"\" \/>\n\t<meta name=\"twitter:label2\" content=\"Tempo di lettura stimato\" \/>\n\t<meta name=\"twitter:data2\" content=\"3 minuti\" \/>\n<script type=\"application\/ld+json\" class=\"yoast-schema-graph\">{\"@context\":\"https:\\\/\\\/schema.org\",\"@graph\":[{\"@type\":\"Article\",\"@id\":\"https:\\\/\\\/www.ibi-kompetenz.eu\\\/it\\\/porte-aperte\\\/#article\",\"isPartOf\":{\"@id\":\"https:\\\/\\\/www.ibi-kompetenz.eu\\\/it\\\/porte-aperte\\\/\"},\"author\":{\"name\":\"Manuel Walder\",\"@id\":\"https:\\\/\\\/www.ibi-kompetenz.eu\\\/#\\\/schema\\\/person\\\/f58f49438fc1d94c7ae85e8ed94c2cd4\"},\"headline\":\"PORTE APERTE\",\"datePublished\":\"2017-09-18T14:48:49+00:00\",\"dateModified\":\"2018-08-01T10:11:26+00:00\",\"mainEntityOfPage\":{\"@id\":\"https:\\\/\\\/www.ibi-kompetenz.eu\\\/it\\\/porte-aperte\\\/\"},\"wordCount\":637,\"commentCount\":0,\"publisher\":{\"@id\":\"https:\\\/\\\/www.ibi-kompetenz.eu\\\/#organization\"},\"image\":{\"@id\":\"https:\\\/\\\/www.ibi-kompetenz.eu\\\/it\\\/porte-aperte\\\/#primaryimage\"},\"thumbnailUrl\":\"https:\\\/\\\/www.ibi-kompetenz.eu\\\/wp-content\\\/uploads\\\/2017\\\/09\\\/IBI-Kompetenz-TagDerOffenenTuer-ThomasSteinlechner-6700-min.jpg\",\"articleSection\":[\"IBI NOTIZIE\"],\"inLanguage\":\"it-IT\",\"potentialAction\":[{\"@type\":\"CommentAction\",\"name\":\"Comment\",\"target\":[\"https:\\\/\\\/www.ibi-kompetenz.eu\\\/it\\\/porte-aperte\\\/#respond\"]}]},{\"@type\":\"WebPage\",\"@id\":\"https:\\\/\\\/www.ibi-kompetenz.eu\\\/it\\\/porte-aperte\\\/\",\"url\":\"https:\\\/\\\/www.ibi-kompetenz.eu\\\/it\\\/porte-aperte\\\/\",\"name\":\"PORTE APERTE - IBI Kompetenz\",\"isPartOf\":{\"@id\":\"https:\\\/\\\/www.ibi-kompetenz.eu\\\/#website\"},\"primaryImageOfPage\":{\"@id\":\"https:\\\/\\\/www.ibi-kompetenz.eu\\\/it\\\/porte-aperte\\\/#primaryimage\"},\"image\":{\"@id\":\"https:\\\/\\\/www.ibi-kompetenz.eu\\\/it\\\/porte-aperte\\\/#primaryimage\"},\"thumbnailUrl\":\"https:\\\/\\\/www.ibi-kompetenz.eu\\\/wp-content\\\/uploads\\\/2017\\\/09\\\/IBI-Kompetenz-TagDerOffenenTuer-ThomasSteinlechner-6700-min.jpg\",\"datePublished\":\"2017-09-18T14:48:49+00:00\",\"dateModified\":\"2018-08-01T10:11:26+00:00\",\"breadcrumb\":{\"@id\":\"https:\\\/\\\/www.ibi-kompetenz.eu\\\/it\\\/porte-aperte\\\/#breadcrumb\"},\"inLanguage\":\"it-IT\",\"potentialAction\":[{\"@type\":\"ReadAction\",\"target\":[\"https:\\\/\\\/www.ibi-kompetenz.eu\\\/it\\\/porte-aperte\\\/\"]}]},{\"@type\":\"ImageObject\",\"inLanguage\":\"it-IT\",\"@id\":\"https:\\\/\\\/www.ibi-kompetenz.eu\\\/it\\\/porte-aperte\\\/#primaryimage\",\"url\":\"https:\\\/\\\/www.ibi-kompetenz.eu\\\/wp-content\\\/uploads\\\/2017\\\/09\\\/IBI-Kompetenz-TagDerOffenenTuer-ThomasSteinlechner-6700-min.jpg\",\"contentUrl\":\"https:\\\/\\\/www.ibi-kompetenz.eu\\\/wp-content\\\/uploads\\\/2017\\\/09\\\/IBI-Kompetenz-TagDerOffenenTuer-ThomasSteinlechner-6700-min.jpg\",\"width\":1000,\"height\":666},{\"@type\":\"BreadcrumbList\",\"@id\":\"https:\\\/\\\/www.ibi-kompetenz.eu\\\/it\\\/porte-aperte\\\/#breadcrumb\",\"itemListElement\":[{\"@type\":\"ListItem\",\"position\":1,\"name\":\"Startseite\",\"item\":\"https:\\\/\\\/www.ibi-kompetenz.eu\\\/it\\\/\"},{\"@type\":\"ListItem\",\"position\":2,\"name\":\"PORTE APERTE\"}]},{\"@type\":\"WebSite\",\"@id\":\"https:\\\/\\\/www.ibi-kompetenz.eu\\\/#website\",\"url\":\"https:\\\/\\\/www.ibi-kompetenz.eu\\\/\",\"name\":\"IBI Kompetenz\",\"description\":\"MIGLIORA L\u2019EDILIZIA NELLE ALPI\",\"publisher\":{\"@id\":\"https:\\\/\\\/www.ibi-kompetenz.eu\\\/#organization\"},\"potentialAction\":[{\"@type\":\"SearchAction\",\"target\":{\"@type\":\"EntryPoint\",\"urlTemplate\":\"https:\\\/\\\/www.ibi-kompetenz.eu\\\/?s={search_term_string}\"},\"query-input\":{\"@type\":\"PropertyValueSpecification\",\"valueRequired\":true,\"valueName\":\"search_term_string\"}}],\"inLanguage\":\"it-IT\"},{\"@type\":\"Organization\",\"@id\":\"https:\\\/\\\/www.ibi-kompetenz.eu\\\/#organization\",\"name\":\"IBI ist ein interdisziplin\u00e4res Kompetenzzentrum\",\"url\":\"https:\\\/\\\/www.ibi-kompetenz.eu\\\/\",\"logo\":{\"@type\":\"ImageObject\",\"inLanguage\":\"it-IT\",\"@id\":\"https:\\\/\\\/www.ibi-kompetenz.eu\\\/#\\\/schema\\\/logo\\\/image\\\/\",\"url\":\"https:\\\/\\\/www.ibi-kompetenz.eu\\\/wp-content\\\/uploads\\\/2015\\\/02\\\/IBI-kompetenz-Logo-quer-weiss-2016.jpg\",\"contentUrl\":\"https:\\\/\\\/www.ibi-kompetenz.eu\\\/wp-content\\\/uploads\\\/2015\\\/02\\\/IBI-kompetenz-Logo-quer-weiss-2016.jpg\",\"width\":230,\"height\":120,\"caption\":\"IBI ist ein interdisziplin\u00e4res Kompetenzzentrum\"},\"image\":{\"@id\":\"https:\\\/\\\/www.ibi-kompetenz.eu\\\/#\\\/schema\\\/logo\\\/image\\\/\"}},{\"@type\":\"Person\",\"@id\":\"https:\\\/\\\/www.ibi-kompetenz.eu\\\/#\\\/schema\\\/person\\\/f58f49438fc1d94c7ae85e8ed94c2cd4\",\"name\":\"Manuel Walder\",\"image\":{\"@type\":\"ImageObject\",\"inLanguage\":\"it-IT\",\"@id\":\"https:\\\/\\\/secure.gravatar.com\\\/avatar\\\/7c25fb8a54cedaac3dfe2bac7d0a53c0a85d099ecb1700d14e5cfe6a19e0d7bc?s=96&d=mm&r=g\",\"url\":\"https:\\\/\\\/secure.gravatar.com\\\/avatar\\\/7c25fb8a54cedaac3dfe2bac7d0a53c0a85d099ecb1700d14e5cfe6a19e0d7bc?s=96&d=mm&r=g\",\"contentUrl\":\"https:\\\/\\\/secure.gravatar.com\\\/avatar\\\/7c25fb8a54cedaac3dfe2bac7d0a53c0a85d099ecb1700d14e5cfe6a19e0d7bc?s=96&d=mm&r=g\",\"caption\":\"Manuel Walder\"},\"sameAs\":[\"https:\\\/\\\/www.ibi-kompetenz.eu\"],\"url\":\"https:\\\/\\\/www.ibi-kompetenz.eu\\\/it\\\/author\\\/jessica\\\/\"}]}<\/script>\n<!-- \/ Yoast SEO plugin. -->","yoast_head_json":{"title":"PORTE APERTE - IBI Kompetenz","robots":{"index":"index","follow":"follow","max-snippet":"max-snippet:-1","max-image-preview":"max-image-preview:large","max-video-preview":"max-video-preview:-1"},"canonical":"https:\/\/www.ibi-kompetenz.eu\/it\/porte-aperte\/","og_locale":"it_IT","og_type":"article","og_title":"PORTE APERTE - IBI Kompetenz","og_description":"Presentata l\u2019IBI, l\u2019officina delle idee transnazionale per l\u2019edilizia e le infrastrutture nelle zone alpine L\u2019IBI, il Centro di competenza dell\u2019Euregio con sede a Varna, \u00e8 un polo di sviluppo e ricerca interdisciplinare e transnazionale che vuole essere motore di innovazione dell\u2019industria edile nelle regioni alpine. Venerd\u00ec pomeriggio, in occasione di una Giornata delle porte aperte, [...]","og_url":"https:\/\/www.ibi-kompetenz.eu\/it\/porte-aperte\/","og_site_name":"IBI Kompetenz","article_published_time":"2017-09-18T14:48:49+00:00","article_modified_time":"2018-08-01T10:11:26+00:00","og_image":[{"width":1000,"height":666,"url":"https:\/\/www.ibi-kompetenz.eu\/wp-content\/uploads\/2017\/09\/IBI-Kompetenz-TagDerOffenenTuer-ThomasSteinlechner-6700-min.jpg","type":"image\/jpeg"}],"author":"Manuel Walder","twitter_card":"summary_large_image","twitter_misc":{"Scritto da":false,"Tempo di lettura stimato":"3 minuti"},"schema":{"@context":"https:\/\/schema.org","@graph":[{"@type":"Article","@id":"https:\/\/www.ibi-kompetenz.eu\/it\/porte-aperte\/#article","isPartOf":{"@id":"https:\/\/www.ibi-kompetenz.eu\/it\/porte-aperte\/"},"author":{"name":"Manuel Walder","@id":"https:\/\/www.ibi-kompetenz.eu\/#\/schema\/person\/f58f49438fc1d94c7ae85e8ed94c2cd4"},"headline":"PORTE APERTE","datePublished":"2017-09-18T14:48:49+00:00","dateModified":"2018-08-01T10:11:26+00:00","mainEntityOfPage":{"@id":"https:\/\/www.ibi-kompetenz.eu\/it\/porte-aperte\/"},"wordCount":637,"commentCount":0,"publisher":{"@id":"https:\/\/www.ibi-kompetenz.eu\/#organization"},"image":{"@id":"https:\/\/www.ibi-kompetenz.eu\/it\/porte-aperte\/#primaryimage"},"thumbnailUrl":"https:\/\/www.ibi-kompetenz.eu\/wp-content\/uploads\/2017\/09\/IBI-Kompetenz-TagDerOffenenTuer-ThomasSteinlechner-6700-min.jpg","articleSection":["IBI NOTIZIE"],"inLanguage":"it-IT","potentialAction":[{"@type":"CommentAction","name":"Comment","target":["https:\/\/www.ibi-kompetenz.eu\/it\/porte-aperte\/#respond"]}]},{"@type":"WebPage","@id":"https:\/\/www.ibi-kompetenz.eu\/it\/porte-aperte\/","url":"https:\/\/www.ibi-kompetenz.eu\/it\/porte-aperte\/","name":"PORTE APERTE - IBI Kompetenz","isPartOf":{"@id":"https:\/\/www.ibi-kompetenz.eu\/#website"},"primaryImageOfPage":{"@id":"https:\/\/www.ibi-kompetenz.eu\/it\/porte-aperte\/#primaryimage"},"image":{"@id":"https:\/\/www.ibi-kompetenz.eu\/it\/porte-aperte\/#primaryimage"},"thumbnailUrl":"https:\/\/www.ibi-kompetenz.eu\/wp-content\/uploads\/2017\/09\/IBI-Kompetenz-TagDerOffenenTuer-ThomasSteinlechner-6700-min.jpg","datePublished":"2017-09-18T14:48:49+00:00","dateModified":"2018-08-01T10:11:26+00:00","breadcrumb":{"@id":"https:\/\/www.ibi-kompetenz.eu\/it\/porte-aperte\/#breadcrumb"},"inLanguage":"it-IT","potentialAction":[{"@type":"ReadAction","target":["https:\/\/www.ibi-kompetenz.eu\/it\/porte-aperte\/"]}]},{"@type":"ImageObject","inLanguage":"it-IT","@id":"https:\/\/www.ibi-kompetenz.eu\/it\/porte-aperte\/#primaryimage","url":"https:\/\/www.ibi-kompetenz.eu\/wp-content\/uploads\/2017\/09\/IBI-Kompetenz-TagDerOffenenTuer-ThomasSteinlechner-6700-min.jpg","contentUrl":"https:\/\/www.ibi-kompetenz.eu\/wp-content\/uploads\/2017\/09\/IBI-Kompetenz-TagDerOffenenTuer-ThomasSteinlechner-6700-min.jpg","width":1000,"height":666},{"@type":"BreadcrumbList","@id":"https:\/\/www.ibi-kompetenz.eu\/it\/porte-aperte\/#breadcrumb","itemListElement":[{"@type":"ListItem","position":1,"name":"Startseite","item":"https:\/\/www.ibi-kompetenz.eu\/it\/"},{"@type":"ListItem","position":2,"name":"PORTE APERTE"}]},{"@type":"WebSite","@id":"https:\/\/www.ibi-kompetenz.eu\/#website","url":"https:\/\/www.ibi-kompetenz.eu\/","name":"IBI Kompetenz","description":"MIGLIORA L\u2019EDILIZIA NELLE ALPI","publisher":{"@id":"https:\/\/www.ibi-kompetenz.eu\/#organization"},"potentialAction":[{"@type":"SearchAction","target":{"@type":"EntryPoint","urlTemplate":"https:\/\/www.ibi-kompetenz.eu\/?s={search_term_string}"},"query-input":{"@type":"PropertyValueSpecification","valueRequired":true,"valueName":"search_term_string"}}],"inLanguage":"it-IT"},{"@type":"Organization","@id":"https:\/\/www.ibi-kompetenz.eu\/#organization","name":"IBI ist ein interdisziplin\u00e4res Kompetenzzentrum","url":"https:\/\/www.ibi-kompetenz.eu\/","logo":{"@type":"ImageObject","inLanguage":"it-IT","@id":"https:\/\/www.ibi-kompetenz.eu\/#\/schema\/logo\/image\/","url":"https:\/\/www.ibi-kompetenz.eu\/wp-content\/uploads\/2015\/02\/IBI-kompetenz-Logo-quer-weiss-2016.jpg","contentUrl":"https:\/\/www.ibi-kompetenz.eu\/wp-content\/uploads\/2015\/02\/IBI-kompetenz-Logo-quer-weiss-2016.jpg","width":230,"height":120,"caption":"IBI ist ein interdisziplin\u00e4res Kompetenzzentrum"},"image":{"@id":"https:\/\/www.ibi-kompetenz.eu\/#\/schema\/logo\/image\/"}},{"@type":"Person","@id":"https:\/\/www.ibi-kompetenz.eu\/#\/schema\/person\/f58f49438fc1d94c7ae85e8ed94c2cd4","name":"Manuel Walder","image":{"@type":"ImageObject","inLanguage":"it-IT","@id":"https:\/\/secure.gravatar.com\/avatar\/7c25fb8a54cedaac3dfe2bac7d0a53c0a85d099ecb1700d14e5cfe6a19e0d7bc?s=96&d=mm&r=g","url":"https:\/\/secure.gravatar.com\/avatar\/7c25fb8a54cedaac3dfe2bac7d0a53c0a85d099ecb1700d14e5cfe6a19e0d7bc?s=96&d=mm&r=g","contentUrl":"https:\/\/secure.gravatar.com\/avatar\/7c25fb8a54cedaac3dfe2bac7d0a53c0a85d099ecb1700d14e5cfe6a19e0d7bc?s=96&d=mm&r=g","caption":"Manuel Walder"},"sameAs":["https:\/\/www.ibi-kompetenz.eu"],"url":"https:\/\/www.ibi-kompetenz.eu\/it\/author\/jessica\/"}]}},"_links":{"self":[{"href":"https:\/\/www.ibi-kompetenz.eu\/it\/wp-json\/wp\/v2\/posts\/2704","targetHints":{"allow":["GET"]}}],"collection":[{"href":"https:\/\/www.ibi-kompetenz.eu\/it\/wp-json\/wp\/v2\/posts"}],"about":[{"href":"https:\/\/www.ibi-kompetenz.eu\/it\/wp-json\/wp\/v2\/types\/post"}],"author":[{"embeddable":true,"href":"https:\/\/www.ibi-kompetenz.eu\/it\/wp-json\/wp\/v2\/users\/4"}],"replies":[{"embeddable":true,"href":"https:\/\/www.ibi-kompetenz.eu\/it\/wp-json\/wp\/v2\/comments?post=2704"}],"version-history":[{"count":2,"href":"https:\/\/www.ibi-kompetenz.eu\/it\/wp-json\/wp\/v2\/posts\/2704\/revisions"}],"predecessor-version":[{"id":3737,"href":"https:\/\/www.ibi-kompetenz.eu\/it\/wp-json\/wp\/v2\/posts\/2704\/revisions\/3737"}],"wp:featuredmedia":[{"embeddable":true,"href":"https:\/\/www.ibi-kompetenz.eu\/it\/wp-json\/wp\/v2\/media\/3735"}],"wp:attachment":[{"href":"https:\/\/www.ibi-kompetenz.eu\/it\/wp-json\/wp\/v2\/media?parent=2704"}],"wp:term":[{"taxonomy":"category","embeddable":true,"href":"https:\/\/www.ibi-kompetenz.eu\/it\/wp-json\/wp\/v2\/categories?post=2704"},{"taxonomy":"post_tag","embeddable":true,"href":"https:\/\/www.ibi-kompetenz.eu\/it\/wp-json\/wp\/v2\/tags?post=2704"}],"curies":[{"name":"wp","href":"https:\/\/api.w.org\/{rel}","templated":true}]}}